{"id":414,"date":"2016-01-26T14:41:08","date_gmt":"2016-01-26T13:41:08","guid":{"rendered":"http:\/\/formeduc.be\/?p=414"},"modified":"2017-02-28T10:51:13","modified_gmt":"2017-02-28T09:51:13","slug":"gt-site-internet-test","status":"publish","type":"post","link":"https:\/\/formeduc.be\/?p=414","title":{"rendered":"Mise au vert  2017 \u00e0 Champlon"},"content":{"rendered":"<p>&nbsp;<\/p>\n<p>&nbsp;<\/p>\n<p>Rencontre entre formateurs autour du th\u00e8me\u00a0<strong><em>\u00ab\u00a0La corporalit\u00e9 dans le m\u00e9tier de formateur d\u2019\u00e9ducateur\u00a0\u00bb<\/em><\/strong><\/p>\n<p>&nbsp;<\/p>\n<p>&nbsp;<\/p>\n<p><em>\u00a0<\/em><\/p>\n<p><strong>Jeudi 23 f\u00e9vrier<\/strong><\/p>\n<p><strong>\u00a0<\/strong><\/p>\n<table>\n<tbody>\n<tr>\n<td width=\"104\"><strong>9h00<\/strong><\/td>\n<td width=\"558\">Accueil et affichage des posters des groupes de travail Form\u2019\u00e9duc<\/td>\n<\/tr>\n<tr>\n<td width=\"104\"><strong>9h30<\/strong><\/td>\n<td width=\"558\">Pr\u00e9sentation de Form\u2019\u00e9duc, pr\u00e9sentation des personnes, ordre du jour, tour de table, petit exercice corporel\u2026<\/p>\n<p>Pr\u00e9sentation d\u2019Olivier Philippart de Foy, Educateur sp\u00e9cialis\u00e9, Directeur de l\u2019ASBL Les Coquelicots (centre de jour pour personnes handicap\u00e9es mentales), form\u00e9 en analyse syst\u00e9mique, licence en philosophie ULG.<\/td>\n<\/tr>\n<tr>\n<td width=\"104\"><strong>10h00-10h45<\/strong><\/td>\n<td width=\"558\">Conf\u00e9rence de Olivier Philippart de Foy (titre \u00e0 venir)<\/td>\n<\/tr>\n<tr>\n<td width=\"104\"><strong>10h45-11h30<\/strong><\/td>\n<td width=\"558\">Temps d\u2019\u00e9change, discussions et r\u00e9flexions\/ questions-r\u00e9ponses<\/p>\n<p>Affichage des groupes pour les ateliers de l\u2019apr\u00e8s-midi et pr\u00e9sentation de la m\u00e9thodologie des ateliers<\/td>\n<\/tr>\n<tr>\n<td width=\"104\"><strong>11h30-13h00<\/strong><\/td>\n<td width=\"558\">Repas (pr\u00e9vu sur place, ne rien apporter)<\/td>\n<\/tr>\n<tr>\n<td width=\"104\"><strong>13h00-15h00<\/strong><\/td>\n<td width=\"558\">Ateliers en sous-groupes\u00a0: \u00e9change autour d\u2019une situation v\u00e9cue par chaque formateur mettant en jeu la corporalit\u00e9 dans la formation.<\/p>\n<p>Conclusion\u00a0: formation d\u2019un tableau vivant \u00e0 photographier<\/p>\n<p>&nbsp;<\/td>\n<\/tr>\n<tr>\n<td width=\"104\"><strong>15h00-16h00<\/strong><\/td>\n<td width=\"558\">Retour en grand groupe<\/p>\n<p>Echange autour des tableaux vivants<\/td>\n<\/tr>\n<\/tbody>\n<\/table>\n<p>&nbsp;<\/p>\n<p><strong>\u00a0<\/strong><\/p>\n<table>\n<tbody>\n<tr>\n<td width=\"104\"><strong>16h00-16h30<\/strong><\/td>\n<td width=\"558\">Pause<\/td>\n<\/tr>\n<tr>\n<td width=\"104\"><strong>16h30-18h00<\/strong><\/td>\n<td width=\"558\">R\u00e9pit ou temps pour les GT<\/td>\n<\/tr>\n<tr>\n<td width=\"104\"><strong>18h00-19h00<\/strong><\/td>\n<td width=\"558\">Souper<\/td>\n<\/tr>\n<tr>\n<td width=\"104\"><strong>19h00-21h30<\/strong><\/td>\n<td width=\"558\">Activit\u00e9s autour du th\u00e8me\u00a0: \u00ab\u00a0<strong><em>Qu\u2019est-ce qu\u2019\u00eatre formateurs d\u2019\u00a0\u00e9ducateurs\u00a0?\u00a0\u00bb<\/em><\/strong><\/td>\n<\/tr>\n<\/tbody>\n<\/table>\n<p><strong>\u00a0<\/strong><\/p>\n<p><strong>\u00a0<\/strong><\/p>\n<p><strong>Vendredi 24 f\u00e9vrier<\/strong><\/p>\n<p><strong>\u00a0<\/strong><\/p>\n<p><strong>\u00a0<\/strong><\/p>\n<table>\n<tbody>\n<tr>\n<td width=\"104\"><strong>8h00-9h00<\/strong><\/td>\n<td width=\"558\">Petit d\u00e9jeuner<\/td>\n<\/tr>\n<tr>\n<td width=\"104\"><strong>9h00-12h00<\/strong><\/td>\n<td width=\"558\">Grand brainstorming\u00a0: comment mettre en actes les possibles d\u00e9gag\u00e9s durant la journ\u00e9e d\u2019hier. A nos projets: journ\u00e9e d\u2019\u00e9tude, publication\u2026<\/td>\n<\/tr>\n<tr>\n<td width=\"104\"><strong>\u00a0<\/strong><\/td>\n<td width=\"558\"><\/td>\n<\/tr>\n<tr>\n<td width=\"104\"><strong>\u00a0<\/strong><\/td>\n<td width=\"558\"><\/td>\n<\/tr>\n<tr>\n<td width=\"104\"><\/td>\n<td width=\"558\"><\/td>\n<\/tr>\n<tr>\n<td width=\"104\"><strong>12h00-13h00<\/strong><\/td>\n<td width=\"558\">Repas (sandwich)<\/td>\n<\/tr>\n<\/tbody>\n<\/table>\n<p>&nbsp;<\/p>\n","protected":false},"excerpt":{"rendered":"<p>&nbsp; &nbsp; Rencontre entre formateurs autour du th\u00e8me\u00a0\u00ab\u00a0La corporalit\u00e9 dans le m\u00e9tier de formateur d\u2019\u00e9ducateur\u00a0\u00bb &nbsp; &nbsp; \u00a0 Jeudi 23 f\u00e9vrier \u00a0 9h00 Accueil et affichage des posters des groupes de travail Form\u2019\u00e9duc 9h30 Pr\u00e9sentation de Form\u2019\u00e9duc, pr\u00e9sentation des personnes, ordre du jour, tour de table, petit exercice corporel\u2026 Pr\u00e9sentation d\u2019Olivier Philippart de Foy, Educateur &hellip; <a href=\"https:\/\/formeduc.be\/?p=414\" class=\"more-link\">Continuer la lecture de <span class=\"screen-reader-text\">Mise au vert  2017 \u00e0 Champlon<\/span><\/a><\/p>\n","protected":false},"author":13,"featured_media":478,"comment_status":"closed","ping_status":"closed","sticky":false,"template":"","format":"standard","meta":{"footnotes":""},"categories":[17,10],"tags":[],"class_list":["post-414","post","type-post","status-publish","format-standard","has-post-thumbnail","hentry","category-documents","category-plenieres"],"_links":{"self":[{"href":"https:\/\/formeduc.be\/index.php?rest_route=\/wp\/v2\/posts\/414","targetHints":{"allow":["GET"]}}],"collection":[{"href":"https:\/\/formeduc.be\/index.php?rest_route=\/wp\/v2\/posts"}],"about":[{"href":"https:\/\/formeduc.be\/index.php?rest_route=\/wp\/v2\/types\/post"}],"author":[{"embeddable":true,"href":"https:\/\/formeduc.be\/index.php?rest_route=\/wp\/v2\/users\/13"}],"replies":[{"embeddable":true,"href":"https:\/\/formeduc.be\/index.php?rest_route=%2Fwp%2Fv2%2Fcomments&post=414"}],"version-history":[{"count":13,"href":"https:\/\/formeduc.be\/index.php?rest_route=\/wp\/v2\/posts\/414\/revisions"}],"predecessor-version":[{"id":536,"href":"https:\/\/formeduc.be\/index.php?rest_route=\/wp\/v2\/posts\/414\/revisions\/536"}],"wp:featuredmedia":[{"embeddable":true,"href":"https:\/\/formeduc.be\/index.php?rest_route=\/wp\/v2\/media\/478"}],"wp:attachment":[{"href":"https:\/\/formeduc.be\/index.php?rest_route=%2Fwp%2Fv2%2Fmedia&parent=414"}],"wp:term":[{"taxonomy":"category","embeddable":true,"href":"https:\/\/formeduc.be\/index.php?rest_route=%2Fwp%2Fv2%2Fcategories&post=414"},{"taxonomy":"post_tag","embeddable":true,"href":"https:\/\/formeduc.be\/index.php?rest_route=%2Fwp%2Fv2%2Ftags&post=414"}],"curies":[{"name":"wp","href":"https:\/\/api.w.org\/{rel}","templated":true}]}}