{"id":432,"date":"2016-02-25T17:47:33","date_gmt":"2016-02-25T16:47:33","guid":{"rendered":"http:\/\/formeduc.be\/?p=432"},"modified":"2017-01-18T21:24:34","modified_gmt":"2017-01-18T20:24:34","slug":"le-gt-tfe","status":"publish","type":"post","link":"https:\/\/formeduc.be\/?p=432","title":{"rendered":"Le GT TFE"},"content":{"rendered":"<p><i>Pr\u00e9sentation du GT TFE<\/i><\/p>\n<p>A la suite de la \u00ab\u00a0mise au vert\u00a0\u00bb de Form\u2019\u00e9duc en f\u00e9vrier 2014, plusieurs formateurs ont t\u00e9moign\u00e9 des nombreuses difficult\u00e9s rencontr\u00e9es autour de la question des travaux de fin d\u2019\u00e9tude. Tant\u00a0 pour les \u00e9tudiants bacheliers \u00e9ducateurs sp\u00e9cialis\u00e9s que pour ceux qui en assurent le suivi, la r\u00e9alisation de TFE de qualit\u00e9 reste un d\u00e9fi.<\/p>\n<p>Depuis septembre 2014, un groupe de formateurs (voir les \u00e9coles d\u2019origine ci-dessous) a choisi de se rencontrer afin d\u2019\u00e9changer les pratiques et les v\u00e9cus afin que tous puissent en sortir enrichis et d\u00e9gagent des pistes d\u2019am\u00e9lioration.<\/p>\n<p>Les principales questions abord\u00e9es jusqu\u2019ici ont \u00e9t\u00e9\u00a0: quelles sont\u00a0 les exigences des diff\u00e9rentes HE concernant le contenu et la m\u00e9thodologie de travail \u00e0 suivre par les \u00e9tudiants\u00a0? Qui compose le jury\u00a0? Existe-t-il un cours pr\u00e9paratoire au TFE\u00a0? Quel r\u00f4le joue le promoteur\u00a0? Existe-t-il des documents qui encadrent la r\u00e9alisation du TFE\u00a0? Y a-t-il une proc\u00e9dure de validation\u00a0? Comment s\u2019organise le choix \u00e9tudiant\/promoteur\u00a0? etc. Le GT a aussi \u00e9t\u00e9 l\u2019occasion d\u2019une d\u00e9monstration du logiciel \u00ab\u00a0compilatio\u00a0\u00bb qui d\u00e9tecte le plagiat.<\/p>\n<p><i>Participants<\/i>\u00a0HEH \u2013 Mons\/Tounai<\/p>\n<ul>\n<li>HEB \u2013 Bruxelles<\/li>\n<li>\u00a0HELHA \u2013 Gosselies<\/li>\n<li>Promotion Sociale de la Province de Li\u00e8ge<\/li>\n<li>CFEL \u2013 Li\u00e8ge<\/li>\n<li>HE Robert Schuman \u2013 Virton<\/li>\n<li>HE \u2013 Condorcet \u2013 Marcinelle<\/li>\n<li>\u00a0Promotion Sociale d\u2019Erquelinnes<\/li>\n<\/ul>\n<p>R\u00e9dactrice\u00a0: Elise Fran\u00e7ois<\/p>\n","protected":false},"excerpt":{"rendered":"<p>Pr\u00e9sentation du GT TFE A la suite de la \u00ab\u00a0mise au vert\u00a0\u00bb de Form\u2019\u00e9duc en f\u00e9vrier 2014, plusieurs formateurs ont t\u00e9moign\u00e9 des nombreuses difficult\u00e9s rencontr\u00e9es autour de la question des travaux de fin d\u2019\u00e9tude. Tant\u00a0 pour les \u00e9tudiants bacheliers \u00e9ducateurs sp\u00e9cialis\u00e9s que pour ceux qui en assurent le suivi, la r\u00e9alisation de TFE de qualit\u00e9 &hellip; <a href=\"https:\/\/formeduc.be\/?p=432\" class=\"more-link\">Continuer la lecture de <span class=\"screen-reader-text\">Le GT TFE<\/span><\/a><\/p>\n","protected":false},"author":4,"featured_media":0,"comment_status":"closed","ping_status":"closed","sticky":false,"template":"","format":"standard","meta":{"footnotes":""},"categories":[7],"tags":[],"class_list":["post-432","post","type-post","status-publish","format-standard","hentry","category-partage-de-pratiques"],"_links":{"self":[{"href":"https:\/\/formeduc.be\/index.php?rest_route=\/wp\/v2\/posts\/432","targetHints":{"allow":["GET"]}}],"collection":[{"href":"https:\/\/formeduc.be\/index.php?rest_route=\/wp\/v2\/posts"}],"about":[{"href":"https:\/\/formeduc.be\/index.php?rest_route=\/wp\/v2\/types\/post"}],"author":[{"embeddable":true,"href":"https:\/\/formeduc.be\/index.php?rest_route=\/wp\/v2\/users\/4"}],"replies":[{"embeddable":true,"href":"https:\/\/formeduc.be\/index.php?rest_route=%2Fwp%2Fv2%2Fcomments&post=432"}],"version-history":[{"count":2,"href":"https:\/\/formeduc.be\/index.php?rest_route=\/wp\/v2\/posts\/432\/revisions"}],"predecessor-version":[{"id":583,"href":"https:\/\/formeduc.be\/index.php?rest_route=\/wp\/v2\/posts\/432\/revisions\/583"}],"wp:attachment":[{"href":"https:\/\/formeduc.be\/index.php?rest_route=%2Fwp%2Fv2%2Fmedia&parent=432"}],"wp:term":[{"taxonomy":"category","embeddable":true,"href":"https:\/\/formeduc.be\/index.php?rest_route=%2Fwp%2Fv2%2Fcategories&post=432"},{"taxonomy":"post_tag","embeddable":true,"href":"https:\/\/formeduc.be\/index.php?rest_route=%2Fwp%2Fv2%2Ftags&post=432"}],"curies":[{"name":"wp","href":"https:\/\/api.w.org\/{rel}","templated":true}]}}